{"id":1058,"date":"2019-03-18T13:16:09","date_gmt":"2019-03-18T13:16:09","guid":{"rendered":"http:\/\/nadahercegnovi.me\/?p=1058"},"modified":"2019-03-18T13:16:09","modified_gmt":"2019-03-18T13:16:09","slug":"centar-za-razvoj-nvo-crnvo-nvo-bilten-drugi-broj","status":"publish","type":"post","link":"https:\/\/nadahercegnovi.me\/?p=1058","title":{"rendered":"Centar za razvoj NVO (CRNVO): NVO Bilten drugi broj"},"content":{"rendered":"<p>Centar za razvoj NVO -CRNVO objavio je drugi broj NVO Biltena, prvog elektronskog magazina za organizacije civilnog dru\u0161tva u Crnoj Gori.&nbsp;<\/p>\n<p>U novom broju&nbsp;&nbsp;prona\u0111ite informacije o EIDHR pozivu Evropske unije u Crnoj Gori kao i tekst Jelene \u010colakovi\u0107&nbsp;o EIDHR Projektu&nbsp;NVO Juventas,&nbsp;a iz&nbsp; intervju sa Nadom Vojvodi\u0107 saznajte vi\u0161e o&nbsp;ulozi NVO u procesu informisanja gra\u0111ana o pristupanju EU.&nbsp;<\/p>\n<p>&nbsp;Vi\u0161e &nbsp;u Biltenu koji mo\u017eete preuzeti na linku:&nbsp;<\/p>\n<p>http:\/\/www.crnvo.me\/sites\/crnvo\/files\/article_files\/crnvo_bilten.pdf?fbclid=IwAR0NyE03KgQjTCIqnI6San64IUYTmOdiH8ukRKwkcYzm6nRz5tP60MYap7k<\/p>\n<p>&nbsp;<a href=\"http:\/\/nadahercegnovi.me\/wp-content\/uploads\/2019\/03\/CRNVO-bilten-2-mart-2019.pdf\">CRNVO bilten 2-mart 2019<\/a><\/p>\n<p><img decoding=\"async\" loading=\"lazy\" class=\"alignnone size-medium wp-image-1060\" src=\"http:\/\/nadahercegnovi.me\/wp-content\/uploads\/2019\/03\/CRNVO-bilten2-210x300.jpg\" alt=\"\" width=\"210\" height=\"300\" srcset=\"https:\/\/nadahercegnovi.me\/wp-content\/uploads\/2019\/03\/CRNVO-bilten2-210x300.jpg 210w, https:\/\/nadahercegnovi.me\/wp-content\/uploads\/2019\/03\/CRNVO-bilten2-147x210.jpg 147w, https:\/\/nadahercegnovi.me\/wp-content\/uploads\/2019\/03\/CRNVO-bilten2.jpg 335w\" sizes=\"(max-width: 210px) 100vw, 210px\" \/><\/p>\n","protected":false},"excerpt":{"rendered":"<p>Centar za razvoj NVO -CRNVO objavio je drugi broj NVO Biltena, prvog elektronskog magazina za organizacije civilnog dru\u0161tva u Crnoj Gori.&nbsp; U novom broju&nbsp;&nbsp;prona\u0111ite informacije o EIDHR pozivu Evropske unije &hellip; <a class=\"readmore\" href=\"https:\/\/nadahercegnovi.me\/?p=1058\">Continue Reading \u2192<\/a><\/p>\n","protected":false},"author":2,"featured_media":0,"comment_status":"closed","ping_status":"closed","sticky":false,"template":"","format":"standard","meta":{"ngg_post_thumbnail":0},"categories":[15],"tags":[],"_links":{"self":[{"href":"https:\/\/nadahercegnovi.me\/index.php?rest_route=\/wp\/v2\/posts\/1058"}],"collection":[{"href":"https:\/\/nadahercegnovi.me\/index.php?rest_route=\/wp\/v2\/posts"}],"about":[{"href":"https:\/\/nadahercegnovi.me\/index.php?rest_route=\/wp\/v2\/types\/post"}],"author":[{"embeddable":true,"href":"https:\/\/nadahercegnovi.me\/index.php?rest_route=\/wp\/v2\/users\/2"}],"replies":[{"embeddable":true,"href":"https:\/\/nadahercegnovi.me\/index.php?rest_route=%2Fwp%2Fv2%2Fcomments&post=1058"}],"version-history":[{"count":1,"href":"https:\/\/nadahercegnovi.me\/index.php?rest_route=\/wp\/v2\/posts\/1058\/revisions"}],"predecessor-version":[{"id":1061,"href":"https:\/\/nadahercegnovi.me\/index.php?rest_route=\/wp\/v2\/posts\/1058\/revisions\/1061"}],"wp:attachment":[{"href":"https:\/\/nadahercegnovi.me\/index.php?rest_route=%2Fwp%2Fv2%2Fmedia&parent=1058"}],"wp:term":[{"taxonomy":"category","embeddable":true,"href":"https:\/\/nadahercegnovi.me\/index.php?rest_route=%2Fwp%2Fv2%2Fcategories&post=1058"},{"taxonomy":"post_tag","embeddable":true,"href":"https:\/\/nadahercegnovi.me\/index.php?rest_route=%2Fwp%2Fv2%2Ftags&post=1058"}],"curies":[{"name":"wp","href":"https:\/\/api.w.org\/{rel}","templated":true}]}}