{"id":1119,"date":"2019-04-19T07:31:18","date_gmt":"2019-04-19T07:31:18","guid":{"rendered":"http:\/\/nadahercegnovi.me\/?p=1119"},"modified":"2019-04-19T07:31:18","modified_gmt":"2019-04-19T07:31:18","slug":"herceg-novipoziv-nevladinim-organizacijama-za-ucesce-na-ix-redovnoj-sjednici-sohn","status":"publish","type":"post","link":"https:\/\/nadahercegnovi.me\/?p=1119","title":{"rendered":"Herceg Novi:Poziv nevladinim organizacijama za u\u010de\u0161\u0107e na IX redovnoj sjednici SOHN"},"content":{"rendered":"<p>Skup\u0161tina op\u0161tine Herceg Novi objavila je Poziv nevladinim organizacijama za prijavu u\u010de\u0161\u0107a na slede\u0107oj redovnoj sjednici SOHN.<\/p>\n<p>Pozivaju se nevladine organizacije sa sjedi\u0161tem u Herceg Novom, zainteresovane za kori\u0161tenje instituta \u201eslobodne stolice\u201c, da podnesu prijave za u\u010de\u0161\u0107e u radu IX redovne sjednice, koja je zakazana za 25.04.2019. godine, sa po\u010detkom u 10 \u010dasova.<br \/>\nPrijave za u\u010de\u0161\u0107e na sjednici Skup\u0161tine nevladine organizacije dostavljaju predsjedniku Skup\u0161tine najkasnije 7 dana prije odr\u017eavanja sjednice Skup\u0161tine preko Slu\u017ebe Skup\u0161tine ili elektronskim putem na e-mail <a href=\"mailto:skupstina@hercegnovi.me\">skupstina@hercegnovi.me<\/a> , sa navedenim ta\u010dkama dnevnog reda za koje prijalvjuju u\u010de\u0161\u0107e na sjednici.<br \/>\nO uslovima i pravima vi\u0161e u primjeru <a href=\"http:\/\/www.hercegnovi.me\/downloads\/Poziv%20NVO16042019.pdf\" target=\"_blank\" rel=\"noopener noreferrer\">Poziva<\/a>.<\/p>\n<p><strong>Na osnovu \u010dlana 141 Poslovnika Skup\u0161tine op\u0161tine Herceg Novi (&#8222;Sl.list CG-op\u0161tinski propisi&#8220; broj: O 1119) objavljuje se<\/strong><\/p>\n<p style=\"text-align: center;\"><strong> POZIV <\/strong><\/p>\n<p style=\"text-align: center;\"><strong>nevladinim organizacijama za prijavu u\u010de\u0161\u0107a na sjednici Skup\u0161tine op\u0161tine Herceg Novi <\/strong><\/p>\n<p>Pozivaju se nevladine organizacije sa sjedi\u0161tem u Herceg Novom, zainteresovane za kori\u0161tenje instituta &#8222;slobodne stolice&#8220;, da podnesu prijave za u\u010de\u0161\u0107e u radu IX redovne sjednice Skup\u0161tine op\u0161tine Herceg Novi, kojaje zakazana za 25.04.2019.godine sa po\u010detkom u 10,00 \u010dasova.<\/p>\n<p>Prijave za u\u010de\u0161\u0107e na sjednici Skup\u0161tine nevladine organizacije dostavljaju predsjedniku Skup\u0161tine najaksnije 7 dana prije odr\u017eavanja sjednice Skup\u0161tine preko Slu\u017ebe Skup\u0161tine ili elektronskim putem na e-mail skupstina@hercegnovi.mesa navedenim ta\u010dkama dnevnog reda za koje prijavljuju u\u010de\u0161\u0107e na sjednici.<\/p>\n<p>Shodno \u010dlanu 142 Poslovnika Skup\u0161tine op\u0161tine Herceg Novi, uz prijavu za u\u010de\u0161\u0107e, nevladina organizacija dostavlja dokaze o ispunjavanju us lova i to:<\/p>\n<ul>\n<li>da je registrovana najmanje godinu dana;<\/li>\n<li>da ima sjedi\u0161te na teritorij i op\u0161tine;<\/li>\n<li>da je u prethodnoj godini: realizovala jedan ili vi\u0161e projekata u op\u0161tini ili u\u010destvovala u najmanje jednoj javnoj kampanji u op\u0161tini, ili realizovala najmanje dvije jednokratne akcije od zna\u010daja za op\u0161tinu, ili u\u010destvovala sa konkretnim predlozima u najmanje tri javne rasprave koje su sprovedene u op\u0161tini;<\/li>\n<li>da u Statutu ima utvr\u0111ene djelatnosti i ciljeve djelovanja za predmetnu oblast i da ima \u010dlanove koji posjeduju iskustvo i poznaju predmetnu temu, ili ima saradnike koji posjeduju stru\u010dne reference po predmetnim temama.<\/li>\n<\/ul>\n<p>Nevladina organizacija koja ispunjava uslove iz stava 1 ovog \u010dlana, ima pravo da predlo\u017ei, odnosno imenuje predstavnika koji \u0107e u\u010destvovati u radu sjednice.<\/p>\n<p>Shodno \u010dlanu 143 Poslovnika Skup\u0161tine op\u0161tine Herceg Novi, nevladina organizacija du\u017ena je da, radi kori\u0161\u0107enja Instituta &#8222;slobodna stolica&#8220;, Slu\u017ebi Skup\u0161tine dostavi:<\/p>\n<ul>\n<li>prijavu za u\u010de\u0161\u0107e u radu sjednice, potpisanu od strane lica koje je ovla\u0161\u0107eno da zastupa ili predstavlja nevladinu organizaciju, sa dokumentacijom na osnovu koje se utvr\u0111uje ispunjenost uslova iz prethodnog \u010dlana;<\/li>\n<li>Statut nevladine organizacije;<\/li>\n<li>Odluku o osnivanju nevladine organizacije;<\/li>\n<li>izjavu ovla\u0161\u0107enog lica za zastupanje ili predstavljanje nevladine organizacije da u organu upravljanja nema \u010dlanova organa politi\u010dkih partija i javnih funkcionera, u smislu propisa o sprije\u010davanju sukoba interesa.<\/li>\n<\/ul>\n<p>Predstavnicima nevladinih organizacija koji su odre\u0111eni da u\u010destvuju u radu sjednice, dostavlja se poziv za sjednicu sa materijalom za ta\u010dku dnevnoga reda po kojoj u\u010destvuju, najkasnije 5 dana prije odr\u017eavanja sjednice.<\/p>\n<p>Obavje\u0161tenje o predstavnicima nevladinih organizacija koji \u0107e po pojedinim ta\u010dkama dnevnog reda prisustvovati sjednici Skup\u0161tine, objavljuje se na web sajtu Skup\u0161tine.<\/p>\n<p>http:\/\/www.hercegnovi.me\/rss\/2016-10-31-10-25-39\/2014-10-10-09-24-33\/3242-poziv-nevladinim-organizacijama-za-ucesce-na-ix-redovnoj-sjednici-sohn<\/p>\n<p><img decoding=\"async\" loading=\"lazy\" class=\"alignnone size-full wp-image-604\" src=\"http:\/\/nadahercegnovi.me\/wp-content\/uploads\/2017\/05\/opstina-herceg-novi.jpg\" alt=\"\" width=\"185\" height=\"185\" srcset=\"https:\/\/nadahercegnovi.me\/wp-content\/uploads\/2017\/05\/opstina-herceg-novi.jpg 185w, https:\/\/nadahercegnovi.me\/wp-content\/uploads\/2017\/05\/opstina-herceg-novi-150x150.jpg 150w\" sizes=\"(max-width: 185px) 100vw, 185px\" \/><img decoding=\"async\" loading=\"lazy\" class=\"alignnone size-medium wp-image-605\" src=\"http:\/\/nadahercegnovi.me\/wp-content\/uploads\/2017\/05\/opstina_hn_9-300x196.jpg\" alt=\"\" width=\"300\" height=\"196\" srcset=\"https:\/\/nadahercegnovi.me\/wp-content\/uploads\/2017\/05\/opstina_hn_9-300x196.jpg 300w, https:\/\/nadahercegnovi.me\/wp-content\/uploads\/2017\/05\/opstina_hn_9-210x137.jpg 210w, https:\/\/nadahercegnovi.me\/wp-content\/uploads\/2017\/05\/opstina_hn_9.jpg 720w\" sizes=\"(max-width: 300px) 100vw, 300px\" \/><\/p>\n<p><a href=\"http:\/\/nadahercegnovi.me\/wp-content\/uploads\/2019\/04\/Poziv-NVO16042019-institut-Slobodna-stolica.pdf\">Poziv NVO16042019 institut Slobodna stolica<\/a><\/p>\n<p>&nbsp;<\/p>\n","protected":false},"excerpt":{"rendered":"<p>Skup\u0161tina op\u0161tine Herceg Novi objavila je Poziv nevladinim organizacijama za prijavu u\u010de\u0161\u0107a na slede\u0107oj redovnoj sjednici SOHN. Pozivaju se nevladine organizacije sa sjedi\u0161tem u Herceg Novom, zainteresovane za kori\u0161tenje instituta &hellip; <a class=\"readmore\" href=\"https:\/\/nadahercegnovi.me\/?p=1119\">Continue Reading \u2192<\/a><\/p>\n","protected":false},"author":2,"featured_media":0,"comment_status":"closed","ping_status":"closed","sticky":false,"template":"","format":"standard","meta":{"ngg_post_thumbnail":0},"categories":[15],"tags":[],"_links":{"self":[{"href":"https:\/\/nadahercegnovi.me\/index.php?rest_route=\/wp\/v2\/posts\/1119"}],"collection":[{"href":"https:\/\/nadahercegnovi.me\/index.php?rest_route=\/wp\/v2\/posts"}],"about":[{"href":"https:\/\/nadahercegnovi.me\/index.php?rest_route=\/wp\/v2\/types\/post"}],"author":[{"embeddable":true,"href":"https:\/\/nadahercegnovi.me\/index.php?rest_route=\/wp\/v2\/users\/2"}],"replies":[{"embeddable":true,"href":"https:\/\/nadahercegnovi.me\/index.php?rest_route=%2Fwp%2Fv2%2Fcomments&post=1119"}],"version-history":[{"count":2,"href":"https:\/\/nadahercegnovi.me\/index.php?rest_route=\/wp\/v2\/posts\/1119\/revisions"}],"predecessor-version":[{"id":1123,"href":"https:\/\/nadahercegnovi.me\/index.php?rest_route=\/wp\/v2\/posts\/1119\/revisions\/1123"}],"wp:attachment":[{"href":"https:\/\/nadahercegnovi.me\/index.php?rest_route=%2Fwp%2Fv2%2Fmedia&parent=1119"}],"wp:term":[{"taxonomy":"category","embeddable":true,"href":"https:\/\/nadahercegnovi.me\/index.php?rest_route=%2Fwp%2Fv2%2Fcategories&post=1119"},{"taxonomy":"post_tag","embeddable":true,"href":"https:\/\/nadahercegnovi.me\/index.php?rest_route=%2Fwp%2Fv2%2Ftags&post=1119"}],"curies":[{"name":"wp","href":"https:\/\/api.w.org\/{rel}","templated":true}]}}