{"id":1498,"date":"2020-09-15T13:46:55","date_gmt":"2020-09-15T13:46:55","guid":{"rendered":"http:\/\/nadahercegnovi.me\/?p=1498"},"modified":"2020-12-14T13:14:51","modified_gmt":"2020-12-14T13:14:51","slug":"institut-za-medije-cg-poziv-nvo-za-podnosenje-prijedloga-projekata-do-14-oktobra-2020","status":"publish","type":"post","link":"https:\/\/nadahercegnovi.me\/?p=1498","title":{"rendered":"Institut za medije CG:  Poziv NVO za podno\u0161enje prijedloga projekata do 14.oktobra 2020."},"content":{"rendered":"<p>Institut za medije Crne Gore upu\u0107uje poziv za podno\u0161enje prijedloga projekata \u010diji je cilj ja\u010danje kapaciteta organizacija civilnog dru\u0161tva da doprinesu o\u010duvanju i za\u0161titi slobode medija i pluralizma na Zapadnom Balkanu.<\/p>\n<p style=\"text-align: center;\"><strong>Poziv za podno\u0161enje prijedloga projekata<\/strong><\/p>\n<p style=\"text-align: center;\"><strong>&nbsp;<\/strong><strong>Promocija medijske i informacione pismenosti u malim gradovima i ruralnim podru\u010djima na Zapadnom Balkanu<\/strong><\/p>\n<p>Ovaj poziv je dio regionalnog projekta <strong>SNA\u017dNI <\/strong>\u2013 <strong>Mediji bez mr\u017enje i dezinformacija<\/strong>, koji se uz podr\u0161ku Evropske unije realizuje u Albaniji, Bosni i Hercegovini, Kosovu, Sjevernoj Makedoniji, Crnoj Gori, Srbiji i Turskoj.<\/p>\n<p>Poziv za podno\u0161enje prijedloga projekata je otvoren za <strong>organizacije civilnog dru\u0161tva<\/strong> u Crnoj Gori koje se bave programima za medije, obrazovanjem, ljudskim pravima i rodnom ravnopravno\u0161\u0107u. Prednost \u0107e imati projekti u kojima postoji partnerstvo sa drugim organizacijama civilnog dru\u0161tva.<\/p>\n<p>Ukupan iznos koji je dostupan u okviru ovog poziva za podno\u0161enje prijedloga projekata je <strong>36,000 eura.<\/strong><\/p>\n<p>Individualna vrijednost granta mora iznositi izme\u0111u <strong>minimum 3,000 i maksimum 9,000 eura<\/strong>. Kofinansiranje projekta od strane podnosioca prijedloga projekta (ili partnera) nije obavezno.<\/p>\n<p>Vrijeme trajanja projekta mora biti izme\u0111u <strong>9 i 18 mjeseci<\/strong>.&nbsp;<\/p>\n<p>Projektne aktivnosti primarno moraju da se sprovode <strong>u manjim gradovima i ruralnim oblastima<\/strong>.<\/p>\n<p>Proces prijave uklju\u010duje <strong>dvije faze:<\/strong><\/p>\n<p>1) Predaja, evaluacija i izbor Koncepata prijedloga projekata (otvoren poziv)<\/p>\n<p>2) Predaja, evaluacija i proces odabira Potpunih prijedloga projekata (zatvoren poziv)<\/p>\n<p>Rok za podno\u0161enje Koncepata prijedloga projekata je <strong>14. oktobar 2020. godine, &nbsp;do 23:59h<\/strong>.<\/p>\n<p>Prijedloge projekata treba poslati elektronskim putem na sljede\u0107u e-mail adresu: <a href=\"mailto:grantovi@mminstitute.org\">grantovi@mminstitute.org<\/a>.<\/p>\n<p>Pitanja o ovom Pozivu za podno\u0161enje prijedloga projekata se mogu slati isklju\u010divo na: <a href=\"mailto:grantovi@mminstitute.org\">grantovi@mminstitute.org<\/a> najkasnije do <strong>9. oktobra 2020 u 16:00h<\/strong>.<\/p>\n<p><strong>Informativni sastanak<\/strong> o ovom pozivu za podno\u0161enje Koncepata prijedloga projekata \u0107e biti odr\u017ean <strong>24. septembra 2020. godine<\/strong> u prostorijama Instituta za medije Crne Gore u <strong>12:00h<\/strong>.<\/p>\n<p>Zbog ograni\u010denog broja mjesta, a po\u0161tuju\u0107i preporuke Nacionalnog koordinacionog tijela za zarazne bolesti, molimo Vas&nbsp; da se prijavite putem e-mail adrese:&nbsp; <a href=\"mailto:grantovi@mminstitute.org\">grantovi@mminstitute.org<\/a>, najkasnije do 23. septembra do 12:00h.<\/p>\n<p>Tako\u0111e, bi\u0107e omogu\u0107eno pra\u0107enje informativnog sastanka putem ZOOM platforme putem ovog linka: <a href=\"https:\/\/us02web.zoom.us\/j\/85211024578?pwd=eGZRcitVTDc0RkZyUWcwUFMrQWFNUT09\">https:\/\/us02web.zoom.us\/j\/85211024578?pwd=eGZRcitVTDc0RkZyUWcwUFMrQWFNUT09<\/a><\/p>\n<p>&nbsp;Detaljne smjernice za podnosioce prijedloga projekata su dostupne na: <a href=\"https:\/\/www.mminstitute.org\/20200914.html\">https:\/\/www.mminstitute.org\/20200914.html<\/a>&nbsp;<\/p>\n<p><img decoding=\"async\" loading=\"lazy\" class=\"alignnone size-medium wp-image-1499\" src=\"http:\/\/nadahercegnovi.me\/wp-content\/uploads\/2020\/09\/SNA\u017dNIMEDIJI-300x58.jpg\" alt=\"\" width=\"300\" height=\"58\" srcset=\"https:\/\/nadahercegnovi.me\/wp-content\/uploads\/2020\/09\/SNA\u017dNIMEDIJI-300x58.jpg 300w, https:\/\/nadahercegnovi.me\/wp-content\/uploads\/2020\/09\/SNA\u017dNIMEDIJI-210x41.jpg 210w, https:\/\/nadahercegnovi.me\/wp-content\/uploads\/2020\/09\/SNA\u017dNIMEDIJI.jpg 611w\" sizes=\"(max-width: 300px) 100vw, 300px\" \/><img decoding=\"async\" loading=\"lazy\" class=\"alignnone size-medium wp-image-1500\" src=\"http:\/\/nadahercegnovi.me\/wp-content\/uploads\/2020\/09\/SMF-300x55.jpg\" alt=\"\" width=\"300\" height=\"55\" srcset=\"https:\/\/nadahercegnovi.me\/wp-content\/uploads\/2020\/09\/SMF-300x55.jpg 300w, https:\/\/nadahercegnovi.me\/wp-content\/uploads\/2020\/09\/SMF-210x38.jpg 210w, https:\/\/nadahercegnovi.me\/wp-content\/uploads\/2020\/09\/SMF.jpg 602w\" sizes=\"(max-width: 300px) 100vw, 300px\" \/><\/p>\n","protected":false},"excerpt":{"rendered":"<p>Institut za medije Crne Gore upu\u0107uje poziv za podno\u0161enje prijedloga projekata \u010diji je cilj ja\u010danje kapaciteta organizacija civilnog dru\u0161tva da doprinesu o\u010duvanju i za\u0161titi slobode medija i pluralizma na Zapadnom &hellip; <a class=\"readmore\" href=\"https:\/\/nadahercegnovi.me\/?p=1498\">Continue Reading \u2192<\/a><\/p>\n","protected":false},"author":2,"featured_media":0,"comment_status":"closed","ping_status":"closed","sticky":false,"template":"","format":"standard","meta":{"ngg_post_thumbnail":0},"categories":[15,1],"tags":[],"_links":{"self":[{"href":"https:\/\/nadahercegnovi.me\/index.php?rest_route=\/wp\/v2\/posts\/1498"}],"collection":[{"href":"https:\/\/nadahercegnovi.me\/index.php?rest_route=\/wp\/v2\/posts"}],"about":[{"href":"https:\/\/nadahercegnovi.me\/index.php?rest_route=\/wp\/v2\/types\/post"}],"author":[{"embeddable":true,"href":"https:\/\/nadahercegnovi.me\/index.php?rest_route=\/wp\/v2\/users\/2"}],"replies":[{"embeddable":true,"href":"https:\/\/nadahercegnovi.me\/index.php?rest_route=%2Fwp%2Fv2%2Fcomments&post=1498"}],"version-history":[{"count":1,"href":"https:\/\/nadahercegnovi.me\/index.php?rest_route=\/wp\/v2\/posts\/1498\/revisions"}],"predecessor-version":[{"id":1501,"href":"https:\/\/nadahercegnovi.me\/index.php?rest_route=\/wp\/v2\/posts\/1498\/revisions\/1501"}],"wp:attachment":[{"href":"https:\/\/nadahercegnovi.me\/index.php?rest_route=%2Fwp%2Fv2%2Fmedia&parent=1498"}],"wp:term":[{"taxonomy":"category","embeddable":true,"href":"https:\/\/nadahercegnovi.me\/index.php?rest_route=%2Fwp%2Fv2%2Fcategories&post=1498"},{"taxonomy":"post_tag","embeddable":true,"href":"https:\/\/nadahercegnovi.me\/index.php?rest_route=%2Fwp%2Fv2%2Ftags&post=1498"}],"curies":[{"name":"wp","href":"https:\/\/api.w.org\/{rel}","templated":true}]}}