{"id":1505,"date":"2020-10-07T11:20:45","date_gmt":"2020-10-07T11:20:45","guid":{"rendered":"http:\/\/nadahercegnovi.me\/?p=1505"},"modified":"2020-12-14T13:14:16","modified_gmt":"2020-12-14T13:14:16","slug":"ministarstvo-prosvjete-cg-odluka-o-raspodjeli-sredstava-nvo","status":"publish","type":"post","link":"https:\/\/nadahercegnovi.me\/?p=1505","title":{"rendered":"Ministarstvo prosvjete CG: Odluka o raspodjeli sredstava NVO"},"content":{"rendered":"<div>Na osnovu \u010dlana 32\u017e stav 1 Zakona o nevladinim organizacijama (\u201cSlu\u017ebeni list CG\u201c, br. 39\/11 i 37\/17), a u vezi sa Javnim konkursom \u201eZnanje kroz cjelo\u017eivotno obrazovanje\u201c, objavljenim dana 4. marta 2020. godine, u postupku odlu\u010divanja o raspodjeli sredstava za finansiranje projekata i programa nevladinih organizacija u 2020. godini u oblasti institucionalnog i vaninstitucionalnog obrazovanja \u2013 podoblast podr\u0161ka cjelo\u017eivotnom u\u010denju, Komisija Ministarstva prosvjete za raspodjelu sredstava za finansiranje projekata\/programa nevladinih organizacija, donijelo je Odluku&nbsp;<br \/>\nO RASPODJELI SREDSTAVA NEVLADINIM ORGANIZACIJAMA<\/div>\n<p><a href=\"http:\/\/nadahercegnovi.me\/wp-content\/uploads\/2020\/10\/Odluka2020.pdf\">Odluka2020<\/a><\/p>\n<p>Vi\u0161e informacija na:<\/p>\n<p>https:\/\/mps.gov.me\/rubrike\/saradnja-NVO\/234491\/ODLUKA-O-RASPODJELI-SREDSTAVA-NEVLADINIM-ORGANIZACIJAMA.html<\/p>\n<p><img decoding=\"async\" loading=\"lazy\" class=\"alignnone size-medium wp-image-1507\" src=\"http:\/\/nadahercegnovi.me\/wp-content\/uploads\/2020\/10\/Ministarstvo-prosvjete-300x99.jpg\" alt=\"\" width=\"300\" height=\"99\" srcset=\"https:\/\/nadahercegnovi.me\/wp-content\/uploads\/2020\/10\/Ministarstvo-prosvjete-300x99.jpg 300w, https:\/\/nadahercegnovi.me\/wp-content\/uploads\/2020\/10\/Ministarstvo-prosvjete-210x69.jpg 210w, https:\/\/nadahercegnovi.me\/wp-content\/uploads\/2020\/10\/Ministarstvo-prosvjete.jpg 384w\" sizes=\"(max-width: 300px) 100vw, 300px\" \/><\/p>\n","protected":false},"excerpt":{"rendered":"<p>Na osnovu \u010dlana 32\u017e stav 1 Zakona o nevladinim organizacijama (\u201cSlu\u017ebeni list CG\u201c, br. 39\/11 i 37\/17), a u vezi sa Javnim konkursom \u201eZnanje kroz cjelo\u017eivotno obrazovanje\u201c, objavljenim dana 4. &hellip; <a class=\"readmore\" href=\"https:\/\/nadahercegnovi.me\/?p=1505\">Continue Reading \u2192<\/a><\/p>\n","protected":false},"author":2,"featured_media":0,"comment_status":"closed","ping_status":"closed","sticky":false,"template":"","format":"standard","meta":{"ngg_post_thumbnail":0},"categories":[15,1],"tags":[],"_links":{"self":[{"href":"https:\/\/nadahercegnovi.me\/index.php?rest_route=\/wp\/v2\/posts\/1505"}],"collection":[{"href":"https:\/\/nadahercegnovi.me\/index.php?rest_route=\/wp\/v2\/posts"}],"about":[{"href":"https:\/\/nadahercegnovi.me\/index.php?rest_route=\/wp\/v2\/types\/post"}],"author":[{"embeddable":true,"href":"https:\/\/nadahercegnovi.me\/index.php?rest_route=\/wp\/v2\/users\/2"}],"replies":[{"embeddable":true,"href":"https:\/\/nadahercegnovi.me\/index.php?rest_route=%2Fwp%2Fv2%2Fcomments&post=1505"}],"version-history":[{"count":2,"href":"https:\/\/nadahercegnovi.me\/index.php?rest_route=\/wp\/v2\/posts\/1505\/revisions"}],"predecessor-version":[{"id":1509,"href":"https:\/\/nadahercegnovi.me\/index.php?rest_route=\/wp\/v2\/posts\/1505\/revisions\/1509"}],"wp:attachment":[{"href":"https:\/\/nadahercegnovi.me\/index.php?rest_route=%2Fwp%2Fv2%2Fmedia&parent=1505"}],"wp:term":[{"taxonomy":"category","embeddable":true,"href":"https:\/\/nadahercegnovi.me\/index.php?rest_route=%2Fwp%2Fv2%2Fcategories&post=1505"},{"taxonomy":"post_tag","embeddable":true,"href":"https:\/\/nadahercegnovi.me\/index.php?rest_route=%2Fwp%2Fv2%2Ftags&post=1505"}],"curies":[{"name":"wp","href":"https:\/\/api.w.org\/{rel}","templated":true}]}}