{"id":1602,"date":"2021-02-12T13:59:35","date_gmt":"2021-02-12T13:59:35","guid":{"rendered":"http:\/\/nadahercegnovi.me\/?p=1602"},"modified":"2021-02-13T11:27:53","modified_gmt":"2021-02-13T11:27:53","slug":"herceg-novijavna-rasprava-o-nacrtu-odluke-o-ucescu-predstavnika-nvo-u-radnim-grupama","status":"publish","type":"post","link":"https:\/\/nadahercegnovi.me\/?p=1602","title":{"rendered":"Herceg Novi:Javna rasprava o Nacrtu Odluke o u\u010de\u0161\u0107u predstavnika NVO u radnim grupama"},"content":{"rendered":"<p>Sekretarijat za dru\u0161tvene djelatnosti i sport sprove\u0161\u0107e Javnu raspravu o Nacrtu Odluke o u\u010de\u0161\u0107u predstavnika NVO u radnim grupama, u trajanju od 15 dana. Javna rasprava po\u010dinje danas, a zavr\u0161ava 26. februara.<\/p>\n<p>Primjedbe, predlozi, sugestije i mi\u0161ljenja u pismenoj formi dostavljaju se na adresu Op\u0161tine Herceg Novi \u2013 Sekretarijat za dru\u0161tvene djelatnosti i sport, preko Gra\u0111anskog biroa Op\u0161tine Herceg Novi ili mjesnih zajednica, a u elektronskoj formi na e-mail slavka.zambelic@hercegnovi.me .<\/p>\n<p>Imaju\u0107i u vidu trenutnu epidemiolo\u0161ku situaciju centralna javna rasprava ne\u0107e biti odr\u017eana. Nakon sporovedene javne rasprave Sekretarijat za dru\u0161tvene djelatnosti i sport \u0107e razmotriti sve primjedbe, predloge, sugestije i mi\u0161ljenja u\u010desnika i sa\u010diniti Izvje\u0161taj o sprovedenoj javnoj raspravi, obavijestili su na sajtu Op\u0161tine.<\/p>\n<p>https:\/\/www.hercegnovi.me\/rss\/17-sekretarijat-za-drustvene-djelatnosti\/vijesti\/4035-javna-rasprava-na-nacrt-odluke-o-ucescu-predstavnika-nvo-u-radnim-grupama<\/p>\n<p><a href=\"http:\/\/nadahercegnovi.me\/wp-content\/uploads\/2021\/02\/Nacrt-Odluka-o-u\u010de\u0161\u0107u-NVO-u-radnim-grupama.pdf\">Nacrt Odluka o u\u010de\u0161\u0107u NVO u radnim grupama<\/a>&nbsp;<\/p>\n<p><a href=\"http:\/\/nadahercegnovi.me\/wp-content\/uploads\/2021\/02\/Zaklju\u010dak-Predsjednika.pdf\">Zaklju\u010dak Predsjednika<\/a><\/p>\n<p><a href=\"http:\/\/nadahercegnovi.me\/wp-content\/uploads\/2021\/02\/Program-Javne-rasprave.pdf\">Program Javne rasprave<\/a><\/p>\n<p><a href=\"http:\/\/nadahercegnovi.me\/wp-content\/uploads\/2021\/02\/Obrazac-1.pdf\">Obrazac 1<\/a><\/p>\n<p><a href=\"http:\/\/nadahercegnovi.me\/wp-content\/uploads\/2021\/02\/Obrazac-2.pdf\">Obrazac 2<\/a><\/p>\n<p><img decoding=\"async\" loading=\"lazy\" class=\"alignnone size-medium wp-image-1603\" src=\"http:\/\/nadahercegnovi.me\/wp-content\/uploads\/2021\/02\/opstina-herceg-novi-45223-300x197.jpg\" alt=\"\" width=\"300\" height=\"197\" srcset=\"https:\/\/nadahercegnovi.me\/wp-content\/uploads\/2021\/02\/opstina-herceg-novi-45223-300x197.jpg 300w, https:\/\/nadahercegnovi.me\/wp-content\/uploads\/2021\/02\/opstina-herceg-novi-45223-768x505.jpg 768w, https:\/\/nadahercegnovi.me\/wp-content\/uploads\/2021\/02\/opstina-herceg-novi-45223-210x138.jpg 210w, https:\/\/nadahercegnovi.me\/wp-content\/uploads\/2021\/02\/opstina-herceg-novi-45223.jpg 800w\" sizes=\"(max-width: 300px) 100vw, 300px\" \/><img decoding=\"async\" loading=\"lazy\" class=\"alignnone size-medium wp-image-1568\" src=\"http:\/\/nadahercegnovi.me\/wp-content\/uploads\/2020\/11\/ohn-300x133.jpg\" alt=\"\" width=\"300\" height=\"133\" srcset=\"https:\/\/nadahercegnovi.me\/wp-content\/uploads\/2020\/11\/ohn-300x133.jpg 300w, https:\/\/nadahercegnovi.me\/wp-content\/uploads\/2020\/11\/ohn-210x93.jpg 210w, https:\/\/nadahercegnovi.me\/wp-content\/uploads\/2020\/11\/ohn.jpg 330w\" sizes=\"(max-width: 300px) 100vw, 300px\" \/><\/p>\n","protected":false},"excerpt":{"rendered":"<p>Sekretarijat za dru\u0161tvene djelatnosti i sport sprove\u0161\u0107e Javnu raspravu o Nacrtu Odluke o u\u010de\u0161\u0107u predstavnika NVO u radnim grupama, u trajanju od 15 dana. Javna rasprava po\u010dinje danas, a zavr\u0161ava &hellip; <a class=\"readmore\" href=\"https:\/\/nadahercegnovi.me\/?p=1602\">Continue Reading \u2192<\/a><\/p>\n","protected":false},"author":2,"featured_media":0,"comment_status":"closed","ping_status":"closed","sticky":false,"template":"","format":"standard","meta":{"ngg_post_thumbnail":0},"categories":[15],"tags":[],"_links":{"self":[{"href":"https:\/\/nadahercegnovi.me\/index.php?rest_route=\/wp\/v2\/posts\/1602"}],"collection":[{"href":"https:\/\/nadahercegnovi.me\/index.php?rest_route=\/wp\/v2\/posts"}],"about":[{"href":"https:\/\/nadahercegnovi.me\/index.php?rest_route=\/wp\/v2\/types\/post"}],"author":[{"embeddable":true,"href":"https:\/\/nadahercegnovi.me\/index.php?rest_route=\/wp\/v2\/users\/2"}],"replies":[{"embeddable":true,"href":"https:\/\/nadahercegnovi.me\/index.php?rest_route=%2Fwp%2Fv2%2Fcomments&post=1602"}],"version-history":[{"count":3,"href":"https:\/\/nadahercegnovi.me\/index.php?rest_route=\/wp\/v2\/posts\/1602\/revisions"}],"predecessor-version":[{"id":1611,"href":"https:\/\/nadahercegnovi.me\/index.php?rest_route=\/wp\/v2\/posts\/1602\/revisions\/1611"}],"wp:attachment":[{"href":"https:\/\/nadahercegnovi.me\/index.php?rest_route=%2Fwp%2Fv2%2Fmedia&parent=1602"}],"wp:term":[{"taxonomy":"category","embeddable":true,"href":"https:\/\/nadahercegnovi.me\/index.php?rest_route=%2Fwp%2Fv2%2Fcategories&post=1602"},{"taxonomy":"post_tag","embeddable":true,"href":"https:\/\/nadahercegnovi.me\/index.php?rest_route=%2Fwp%2Fv2%2Ftags&post=1602"}],"curies":[{"name":"wp","href":"https:\/\/api.w.org\/{rel}","templated":true}]}}