{"id":1715,"date":"2021-06-11T10:39:25","date_gmt":"2021-06-11T10:39:25","guid":{"rendered":"http:\/\/nadahercegnovi.me\/?p=1715"},"modified":"2021-06-11T10:39:25","modified_gmt":"2021-06-11T10:39:25","slug":"crnvo-resursni-centar-prijave-za-trening-na-temu-razvoj-komunikacione-strategije-do-14-juna","status":"publish","type":"post","link":"https:\/\/nadahercegnovi.me\/?p=1715","title":{"rendered":"CRNVO RESURSNI CENTAR: Prijave za trening na temu Razvoj komunikacione strategije do 14.juna"},"content":{"rendered":"<p><em>Resursni centar<\/em>&nbsp;za organizacije civilnog dru\u0161tva u Crnoj Gori organizuje trening na temu<em><strong>&nbsp;Razvoj komunikacione strategije.<\/strong><\/em><\/p>\n<p>Cilj ove obuke je da u\u010desnici pove\u0107aju svoje znanje i oja\u010daju svoje vje\u0161tine u klju\u010dnim aspektima izgradnje odnosa s javno\u0161\u0107u, segmenata i koraka u razvoju komunikacione strategije. U\u010desnici\/e \u0107e se tako\u0111e upoznati sa alatima za njihovu primjenu u cilju uspostavljanja i\/ili odr\u017eavanja odnosa zasnovanim na povjerenju sa gra\u0111anima, ali i svim drugim zainteresovanim stranama, a sve u cilju uspje\u0161nog i transparentnog poslovanja.<\/p>\n<p>Na treningu je obezbije\u0111eno 20 mjesta za predstavnike\/ce&nbsp;<strong><u>10 OCD iz Crne Gore<\/u><\/strong>&nbsp;(po 2 predstavnika\/ce koji\/e su aktivno uklju\u010deni\/e u rad organizacije).<\/p>\n<p><strong>Uslovi konkursa<\/strong><\/p>\n<p>Za organizacije civilnog dru\u0161tva:<\/p>\n<ul>\n<li>Motivacija kandidata\/kandidatkinja<\/li>\n<li>Organizacija je delegirala 2 predstavnika\/ce<\/li>\n<li>Prijavni formulari su pravilno ispunjeni i dostavljeni u roku<\/li>\n<\/ul>\n<p>Prednost \u0107e imati one organizacije \u010diji predstavnici\/e do sada nijesu u\u010destvovali\/e na sli\u010dnoj obuci.<\/p>\n<p><strong>Na\u010din<\/strong>&nbsp;<strong>prijave<\/strong><\/p>\n<p>Predstavnici\/e srednje razvijenih OCD koji\/e \u017eele da se prijave za poha\u0111anje treninga treba da ispune&nbsp;<strong>prijavni formular<\/strong>&nbsp;i po\u0161alju ga na e-mail adresu&nbsp;<a href=\"mailto:bojana.knezevic@crnvo.me\" target=\"_blank\" rel=\"noreferrer noopener\">bojana.knezevic@crnvo.me<\/a>,&nbsp; zaklju\u010dno sa&nbsp;ponedjeljkom,&nbsp;<strong>14. junom 2021. godine do 12h<\/strong>.&nbsp;<strong>Mjesto i vrijeme odr\u017eavanja treninga: Podgorica, Hotel \u201eVoco\u201c.<\/strong><\/p>\n<p><strong>Va\u017ena napomena:&nbsp;<\/strong>Prijavne formulare je potrebno poslati na navedenu e-mail adresu. Prijave poslate na bilo koju drugu adresu ili putem CRNVO mailing liste&nbsp;ne\u0107e biti uzete u razmatranje.<\/p>\n<div class=\"wp-block-file\"><a class=\"wp-block-file__button\" href=\"https:\/\/euresursnicentar.me\/wp-content\/uploads\/2021\/06\/Prijavni-formular-Razvoj-komunikacione-strategije-2021.docx\" download=\"\">Ovdje preuzmi prijavni formular<\/a><\/div>\n<p><em>CRNVO kao organizator obuke obezbijedi\u0107e smje\u0161taj, hranu i osvje\u017eenje za polaznike\/ce treninga. Tro\u0161kovi prevoza bi\u0107e refundirani u skladu sa voznim kartama koje u\u010desnici\/e donesu na uvid. Tro\u0161kovi goriva \u0107e se refundirati samo u slu\u010daju da je najmanje dvoje u\u010desnika\/ca do\u0161lo istim autom a visina tro\u0161ka \u0107e se obra\u010dunati na sajtu ViaMichelin.<\/em><\/p>\n<p>Za sva dodatna pitanja mo\u017eete nam se obratiti eletkronskim putem na&nbsp;<a href=\"mailto:ivana.smolovic@crnvo.me\" target=\"_blank\" rel=\"noreferrer noopener\">bojana.knezevic@crnvo.me<\/a>&nbsp;ili pozivom na telefon (+382) 20 219 120, 219 121.<\/p>\n<p>Izvor:https:\/\/euresursnicentar.me\/aktuelnosti\/trening-razvoj-komunikacione-strategije\/<\/p>\n<p><img decoding=\"async\" loading=\"lazy\" class=\"alignnone size-medium wp-image-763\" src=\"http:\/\/nadahercegnovi.me\/wp-content\/uploads\/2018\/12\/dom-aktivizma-240x300.jpg\" alt=\"\" width=\"240\" height=\"300\" srcset=\"https:\/\/nadahercegnovi.me\/wp-content\/uploads\/2018\/12\/dom-aktivizma-240x300.jpg 240w, https:\/\/nadahercegnovi.me\/wp-content\/uploads\/2018\/12\/dom-aktivizma-168x210.jpg 168w, https:\/\/nadahercegnovi.me\/wp-content\/uploads\/2018\/12\/dom-aktivizma.jpg 475w\" sizes=\"(max-width: 240px) 100vw, 240px\" \/><img decoding=\"async\" loading=\"lazy\" class=\"alignnone size-full wp-image-737\" src=\"http:\/\/nadahercegnovi.me\/wp-content\/uploads\/2018\/10\/CRNVO1L.jpg\" alt=\"\" width=\"190\" height=\"249\" srcset=\"https:\/\/nadahercegnovi.me\/wp-content\/uploads\/2018\/10\/CRNVO1L.jpg 190w, https:\/\/nadahercegnovi.me\/wp-content\/uploads\/2018\/10\/CRNVO1L-160x210.jpg 160w\" sizes=\"(max-width: 190px) 100vw, 190px\" \/><\/p>\n","protected":false},"excerpt":{"rendered":"<p>Resursni centar&nbsp;za organizacije civilnog dru\u0161tva u Crnoj Gori organizuje trening na temu&nbsp;Razvoj komunikacione strategije. Cilj ove obuke je da u\u010desnici pove\u0107aju svoje znanje i oja\u010daju svoje vje\u0161tine u klju\u010dnim aspektima &hellip; <a class=\"readmore\" href=\"https:\/\/nadahercegnovi.me\/?p=1715\">Continue Reading \u2192<\/a><\/p>\n","protected":false},"author":2,"featured_media":0,"comment_status":"closed","ping_status":"closed","sticky":false,"template":"","format":"standard","meta":{"ngg_post_thumbnail":0},"categories":[15],"tags":[],"_links":{"self":[{"href":"https:\/\/nadahercegnovi.me\/index.php?rest_route=\/wp\/v2\/posts\/1715"}],"collection":[{"href":"https:\/\/nadahercegnovi.me\/index.php?rest_route=\/wp\/v2\/posts"}],"about":[{"href":"https:\/\/nadahercegnovi.me\/index.php?rest_route=\/wp\/v2\/types\/post"}],"author":[{"embeddable":true,"href":"https:\/\/nadahercegnovi.me\/index.php?rest_route=\/wp\/v2\/users\/2"}],"replies":[{"embeddable":true,"href":"https:\/\/nadahercegnovi.me\/index.php?rest_route=%2Fwp%2Fv2%2Fcomments&post=1715"}],"version-history":[{"count":1,"href":"https:\/\/nadahercegnovi.me\/index.php?rest_route=\/wp\/v2\/posts\/1715\/revisions"}],"predecessor-version":[{"id":1716,"href":"https:\/\/nadahercegnovi.me\/index.php?rest_route=\/wp\/v2\/posts\/1715\/revisions\/1716"}],"wp:attachment":[{"href":"https:\/\/nadahercegnovi.me\/index.php?rest_route=%2Fwp%2Fv2%2Fmedia&parent=1715"}],"wp:term":[{"taxonomy":"category","embeddable":true,"href":"https:\/\/nadahercegnovi.me\/index.php?rest_route=%2Fwp%2Fv2%2Fcategories&post=1715"},{"taxonomy":"post_tag","embeddable":true,"href":"https:\/\/nadahercegnovi.me\/index.php?rest_route=%2Fwp%2Fv2%2Ftags&post=1715"}],"curies":[{"name":"wp","href":"https:\/\/api.w.org\/{rel}","templated":true}]}}