{"id":1796,"date":"2022-04-01T14:46:27","date_gmt":"2022-04-01T14:46:27","guid":{"rendered":"http:\/\/nadahercegnovi.me\/?p=1796"},"modified":"2022-04-01T14:46:27","modified_gmt":"2022-04-01T14:46:27","slug":"herceg-novipredlozite-kandidate-za-komisiju-za-raspodjelu-sredstava-nvo","status":"publish","type":"post","link":"https:\/\/nadahercegnovi.me\/?p=1796","title":{"rendered":"Herceg Novi:Predlo\u017eite kandidate za Komisiju za raspodjelu sredstava NVO"},"content":{"rendered":"<p>Op\u0161tina Herceg-Novi objavila je Javni poziv nevladinim organizacijama za predlaganje kandidata\/kinja za dva \u010dlana\/ice Komisije za raspodjelu sredstava nevladinim organizacijama.<\/p>\n<p>Pozivaju sve nevladine organizacije koje su registrovane u Crnoj Gori sa sjedi\u0161tem u Herceg-Novom i ispunjavaju uslove iz Javnog poziva da daju svoje predloge.<\/p>\n<p>Rok za dostavljanje predloga je 15 dana od dana objavljivanja Javnog poziva.<\/p>\n<div id=\"clearbreak\">\n<div id=\"container\">\n<div id=\"content-left\">\n<div id=\"clearbreak\">\n<div class=\"item-page\">\n<div>\n<p>Vi\u0161e informacija o tome koje NVO imaju pravo predlaganja, koje dokaze i dokumentaciju je potrebno prilo\u017eiti, kao i o na\u010dinu dostavljanja prijava mo\u017eete pro\u010ditati&nbsp;<a href=\"https:\/\/hercegnovi.me\/downloads\/odlukeP\/Javni%20poziv%20NVO22.pdf\" target=\"_blank\" rel=\"noopener\">ovdje<\/a>.<\/p>\n<p>Izvor:https:\/\/hercegnovi.me\/sr-yu\/predsjednik-opstine\/kabinet-predsjednika-opstine\/kabinet\/530-javni-poziv-nvo-predlozite-kandidate-za-komisije-za-raspodjelu-sredstava-nvo<\/p>\n<\/div>\n<\/div>\n<\/div>\n<\/div>\n<\/div>\n<\/div>\n<div id=\"footer\">\n<div id=\"container\" class=\"footer footer-3\">\n<div class=\"column-4\">\n<div class=\"moduletable \">\n<div class=\"custom\">\n<p>&nbsp;<\/p>\n<\/div>\n<\/div>\n<\/div>\n<\/div>\n<\/div>\n","protected":false},"excerpt":{"rendered":"<p>Op\u0161tina Herceg-Novi objavila je Javni poziv nevladinim organizacijama za predlaganje kandidata\/kinja za dva \u010dlana\/ice Komisije za raspodjelu sredstava nevladinim organizacijama. Pozivaju sve nevladine organizacije koje su registrovane u Crnoj Gori &hellip; <a class=\"readmore\" href=\"https:\/\/nadahercegnovi.me\/?p=1796\">Continue Reading \u2192<\/a><\/p>\n","protected":false},"author":2,"featured_media":0,"comment_status":"closed","ping_status":"closed","sticky":false,"template":"","format":"standard","meta":{"ngg_post_thumbnail":0},"categories":[15],"tags":[],"_links":{"self":[{"href":"https:\/\/nadahercegnovi.me\/index.php?rest_route=\/wp\/v2\/posts\/1796"}],"collection":[{"href":"https:\/\/nadahercegnovi.me\/index.php?rest_route=\/wp\/v2\/posts"}],"about":[{"href":"https:\/\/nadahercegnovi.me\/index.php?rest_route=\/wp\/v2\/types\/post"}],"author":[{"embeddable":true,"href":"https:\/\/nadahercegnovi.me\/index.php?rest_route=\/wp\/v2\/users\/2"}],"replies":[{"embeddable":true,"href":"https:\/\/nadahercegnovi.me\/index.php?rest_route=%2Fwp%2Fv2%2Fcomments&post=1796"}],"version-history":[{"count":1,"href":"https:\/\/nadahercegnovi.me\/index.php?rest_route=\/wp\/v2\/posts\/1796\/revisions"}],"predecessor-version":[{"id":1797,"href":"https:\/\/nadahercegnovi.me\/index.php?rest_route=\/wp\/v2\/posts\/1796\/revisions\/1797"}],"wp:attachment":[{"href":"https:\/\/nadahercegnovi.me\/index.php?rest_route=%2Fwp%2Fv2%2Fmedia&parent=1796"}],"wp:term":[{"taxonomy":"category","embeddable":true,"href":"https:\/\/nadahercegnovi.me\/index.php?rest_route=%2Fwp%2Fv2%2Fcategories&post=1796"},{"taxonomy":"post_tag","embeddable":true,"href":"https:\/\/nadahercegnovi.me\/index.php?rest_route=%2Fwp%2Fv2%2Ftags&post=1796"}],"curies":[{"name":"wp","href":"https:\/\/api.w.org\/{rel}","templated":true}]}}