{"id":1866,"date":"2022-10-07T13:05:26","date_gmt":"2022-10-07T13:05:26","guid":{"rendered":"https:\/\/nadahercegnovi.me\/?p=1866"},"modified":"2022-10-07T13:05:26","modified_gmt":"2022-10-07T13:05:26","slug":"ministarstvo-ljudskih-i-manjinskin-pravakonkursi-za-finansiranje-projekata-nvo","status":"publish","type":"post","link":"https:\/\/nadahercegnovi.me\/?p=1866","title":{"rendered":"Ministarstvo ljudskih i manjinskin prava:Konkursi za finansiranje projekata NVO"},"content":{"rendered":"<p>Na sajtu Ministarstva ljudskih i manjinskih prava pogledajte konkurse za finansiranje projekata NVO. Rok je 5.novembar 2022.godine.<\/p>\n<p><a href=\"https:\/\/www.gov.me\/clanak\/primjena-zakona-rusi-rodne-stereotipe\" target=\"_blank\" rel=\"noopener\" data-saferedirecturl=\"https:\/\/www.google.com\/url?q=https:\/\/www.gov.me\/clanak\/primjena-zakona-rusi-rodne-stereotipe&amp;source=gmail&amp;ust=1665234004662000&amp;usg=AOvVaw2hcEnlgHKzb1EeVAI8ig6A\">https:\/\/www.gov.me\/clanak\/<wbr>primjena-zakona-rusi-rodne-<wbr>stereotipe<\/a>&nbsp;&nbsp;<b><i>Javni konkurs&nbsp;\u201a\u201aPrimjena zakona ru\u0161i rodne stereotipe&#8220; za finasiranje projekata\/programa NVO u oblasti Rodna ravnopravnost.&nbsp;&nbsp;<\/i><\/b>Rok za podno\u0161enje prijava na konkurs je&nbsp;<b>30 dana<\/b>, zaklju\u010dno sa&nbsp;<b>5. novembrom 2022.<u><\/u><u><\/u><\/b><\/p>\n<p><a href=\"https:\/\/www.gov.me\/clanak\/lice-i-nalicje-etnicke-distance\" target=\"_blank\" rel=\"noopener\" data-saferedirecturl=\"https:\/\/www.google.com\/url?q=https:\/\/www.gov.me\/clanak\/lice-i-nalicje-etnicke-distance&amp;source=gmail&amp;ust=1665234004662000&amp;usg=AOvVaw3FGaillFRfHInILxm_dIWf\">https:\/\/www.gov.me\/clanak\/<wbr>lice-i-nalicje-etnicke-<wbr>distance<\/a>&nbsp;&nbsp;<b><i>Javni konkurs \u201a\u201aLice i nali\u010dje etni\u010dke distance&#8220; za finansiranje projekata\/programa NVO u oblasti za\u0161tita i promovisanje prava manjinskih naroda i drugih manjinskih nacionalnih zajednica u 2022. godini.&nbsp;<\/i><\/b>Rok za podno\u0161enje prijava&nbsp; na konkurs je&nbsp;<b>30 dana<\/b>, zaklju\u010dno sa&nbsp;<b>5. novembrom 2022.<u><\/u><u><\/u><\/b><\/p>\n<p><a href=\"https:\/\/www.gov.me\/clanak\/podrzimo-inkluziju-roma-romkinja-i-egipcana-egipcanki-za-drustvo-jednakih-sansi\" target=\"_blank\" rel=\"noopener\" data-saferedirecturl=\"https:\/\/www.google.com\/url?q=https:\/\/www.gov.me\/clanak\/podrzimo-inkluziju-roma-romkinja-i-egipcana-egipcanki-za-drustvo-jednakih-sansi&amp;source=gmail&amp;ust=1665234004662000&amp;usg=AOvVaw0V4I2dg71mvSYvP-sUQ71N\">https:\/\/www.gov.me\/clanak\/<wbr>podrzimo-inkluziju-roma-<wbr>romkinja-i-egipcana-egipcanki-<wbr>za-drustvo-jednakih-sansi<\/a>&nbsp;&nbsp;<b><i>Javni konkurs&nbsp;\u201a\u201aPodr\u017eimo inkluziju Roma\/Romkinja i Egip\u0107ana\/Egip\u0107anki &#8211; za dru\u0161tvo jednakih \u0161ansi&#8220; za finasiranje projekata\/programa NVO u oblasti za\u0161tita i promovisanje ljudskih i manjinskih prava, za\u0161tita prava Roma\/Romkinja i Egip\u0107ana\/Egip\u0107anki u 2022. godini.&nbsp;<\/i><\/b>Rok za podno\u0161enje prijava na konkurs je&nbsp;<b>30 dana<\/b>, zaklju\u010dno sa&nbsp;<b>5. novembrom 2022.<u><\/u><u><\/u><\/b><\/p>\n<p><a href=\"https:\/\/www.gov.me\/clanak\/recimo-ne-diskriminaciji-lica-sa-invaliditetom\" target=\"_blank\" rel=\"noopener\" data-saferedirecturl=\"https:\/\/www.google.com\/url?q=https:\/\/www.gov.me\/clanak\/recimo-ne-diskriminaciji-lica-sa-invaliditetom&amp;source=gmail&amp;ust=1665234004663000&amp;usg=AOvVaw0Y-r-4mITW96RuKbWQxxPv\">https:\/\/www.gov.me\/clanak\/<wbr>recimo-ne-diskriminaciji-lica-<wbr>sa-invaliditetom<\/a>&nbsp;<b><i>Javni konkurs&nbsp;\u201a\u201aRecimo NE diskriminaciji lica sa invaliditetom&#8220; za finasiranje projekata\/programa NVO koji doprinose za\u0161titi lica sa invaliditetom od diskriminacije i promociju jednakosti .&nbsp;<\/i><\/b>Rok za podno\u0161enje prijava na konkurs je&nbsp;<b>30 dana<\/b>, zaklju\u010dno sa&nbsp;<b>5. novembrom 2022.<u><\/u><u><\/u><\/b><\/p>\n<p><a href=\"https:\/\/www.gov.me\/clanak\/zajedno-do-jednakosti\" target=\"_blank\" rel=\"noopener\" data-saferedirecturl=\"https:\/\/www.google.com\/url?q=https:\/\/www.gov.me\/clanak\/zajedno-do-jednakosti&amp;source=gmail&amp;ust=1665234004663000&amp;usg=AOvVaw2-rgvDBETijlpfoS4lHDrV\">https:\/\/www.gov.me\/clanak\/<wbr>zajedno-do-jednakosti<\/a>&nbsp;&nbsp;<b><i>Javni konkurs &#8222;Zajedno do jednakosti&#8220; za finansiranje projekata\/programa NVO u oblasti za\u0161tita i promovisanje ljudskih i manjinskih prava &#8211; za\u0161tita i unapre\u0111enje ljudskih prava LGBTI osoba u 2022. godini.<\/i><\/b>&nbsp;Rok za podno\u0161enje prijava na konkurs je&nbsp;<b>30 dana<\/b>, zaklju\u010dno sa&nbsp;<b>5. novembrom 2022.<u><\/u><u><\/u><\/b><\/p>\n<p><b><u><\/u>&nbsp;<\/b><\/p>\n","protected":false},"excerpt":{"rendered":"<p>Na sajtu Ministarstva ljudskih i manjinskih prava pogledajte konkurse za finansiranje projekata NVO. Rok je 5.novembar 2022.godine. https:\/\/www.gov.me\/clanak\/primjena-zakona-rusi-rodne-stereotipe&nbsp;&nbsp;Javni konkurs&nbsp;\u201a\u201aPrimjena zakona ru\u0161i rodne stereotipe&#8220; za finasiranje projekata\/programa NVO u oblasti Rodna &hellip; <a class=\"readmore\" href=\"https:\/\/nadahercegnovi.me\/?p=1866\">Continue Reading \u2192<\/a><\/p>\n","protected":false},"author":2,"featured_media":0,"comment_status":"closed","ping_status":"closed","sticky":false,"template":"","format":"standard","meta":{"ngg_post_thumbnail":0},"categories":[15],"tags":[],"_links":{"self":[{"href":"https:\/\/nadahercegnovi.me\/index.php?rest_route=\/wp\/v2\/posts\/1866"}],"collection":[{"href":"https:\/\/nadahercegnovi.me\/index.php?rest_route=\/wp\/v2\/posts"}],"about":[{"href":"https:\/\/nadahercegnovi.me\/index.php?rest_route=\/wp\/v2\/types\/post"}],"author":[{"embeddable":true,"href":"https:\/\/nadahercegnovi.me\/index.php?rest_route=\/wp\/v2\/users\/2"}],"replies":[{"embeddable":true,"href":"https:\/\/nadahercegnovi.me\/index.php?rest_route=%2Fwp%2Fv2%2Fcomments&post=1866"}],"version-history":[{"count":1,"href":"https:\/\/nadahercegnovi.me\/index.php?rest_route=\/wp\/v2\/posts\/1866\/revisions"}],"predecessor-version":[{"id":1867,"href":"https:\/\/nadahercegnovi.me\/index.php?rest_route=\/wp\/v2\/posts\/1866\/revisions\/1867"}],"wp:attachment":[{"href":"https:\/\/nadahercegnovi.me\/index.php?rest_route=%2Fwp%2Fv2%2Fmedia&parent=1866"}],"wp:term":[{"taxonomy":"category","embeddable":true,"href":"https:\/\/nadahercegnovi.me\/index.php?rest_route=%2Fwp%2Fv2%2Fcategories&post=1866"},{"taxonomy":"post_tag","embeddable":true,"href":"https:\/\/nadahercegnovi.me\/index.php?rest_route=%2Fwp%2Fv2%2Ftags&post=1866"}],"curies":[{"name":"wp","href":"https:\/\/api.w.org\/{rel}","templated":true}]}}