{"id":2287,"date":"2025-07-11T19:18:35","date_gmt":"2025-07-11T19:18:35","guid":{"rendered":"https:\/\/nadahercegnovi.me\/?p=2287"},"modified":"2025-07-11T19:18:35","modified_gmt":"2025-07-11T19:18:35","slug":"fond-za-aktivno-gradjanstvo-fakt-podrzano-pet-novih-gradjanskih-inicijativa-kroz-semu-zajednica-u-akciji","status":"publish","type":"post","link":"https:\/\/nadahercegnovi.me\/?p=2287","title":{"rendered":"Fond za aktivno gra\u0111anstvo &#8211; fAKT: Podr\u017eano pet novih gra\u0111anskih inicijativa kroz \u0161emu \u201eZajednica u akciji\u201c"},"content":{"rendered":"<p>Obnovljeni poziv za grant \u0161emu \u201eZajednica u akciji\u201c privukao je veliko interesovanje, sa ukupno&nbsp;<strong>44 prijavljena projekta<\/strong>, od kojih je&nbsp;<strong>11 podnijelo neformalne grupe gra\u0111ana<\/strong>.<\/p>\n<p>Komisija za procjenu projekata i dodjelu finansijske podr\u0161ke, na sastanku odr\u017eanom&nbsp;<strong>7. jula<\/strong>, pa\u017eljivo je razmotrila sve prijave. Procjena se posebno fokusirala na&nbsp;<strong>potencijalni uticaj projekata na zajednicu<\/strong>&nbsp;i&nbsp;<strong>regionalnu zastupljenost<\/strong>.<\/p>\n<p>Na osnovu ove detaljne analize, donesena je odluka o finansijskoj podr\u0161ci za&nbsp;<strong>pet novih projekata<\/strong>:<\/p>\n<ol>\n<li><strong>Crveni krst Ro\u017eaje:<\/strong>Projekt &#8222;<strong>Briga o starijima<\/strong>&#8220; (Ro\u017eaje) \u2013<strong>5.210 \u20ac<\/strong><br \/>\n<em>Cilj: Pobolj\u0161anje kvaliteta \u017eivota starijih osoba u Ro\u017eajama.<\/em><\/li>\n<\/ol>\n<p>&nbsp;<\/p>\n<ol start=\"2\">\n<li><strong>Nova \u017dena: <\/strong>Projekt &#8222;<strong>Digitalni alati za osna\u017eivanje ranjivih grupa u cilju odr\u017eivog ruralnog razvoja<\/strong>&#8220; (Bijelo Polje) \u2013 <strong>4.845 \u20ac<\/strong><br \/>\n<em>Cilj: Osna\u017eivanje ranjivih grupa kroz digitalne vje\u0161tine za ruralni razvoj.<\/em><\/li>\n<\/ol>\n<p>&nbsp;<\/p>\n<ol start=\"3\">\n<li><strong>Centar za razvoj &#8211; CEZAR: <\/strong>Projekt &#8222;<strong>Eko-istra\u017eiva\u010di \u2013 Mladi mijenjaju svijet<\/strong>&#8220; (Tivat) \u2013<strong> 4. 510 \u20ac<\/strong><br \/>\n<em>Cilj: Anga\u017eovanje mladih u ekolo\u0161kim istra\u017eivanjima i promjenama.<\/em><\/li>\n<\/ol>\n<p>&nbsp;<\/p>\n<ol start=\"4\">\n<li><strong>Udru\u017eenje za razvoj civilnog dru\u0161tva: <\/strong>Projekt &#8222;<strong>Informisana i osna\u017eena: pravo Romkinja u zajednici<\/strong>&#8220; (Bijelo Polje) \u2013 <strong>4.970 \u20ac<\/strong><br \/>\n<em>Cilj: Ja\u010danje prava i polo\u017eaja Romkinja kroz informisanje i osna\u017eivanje.<\/em><\/li>\n<\/ol>\n<p>&nbsp;<\/p>\n<ol start=\"5\">\n<li><strong>Mre\u017ea \u2013 Network: <\/strong>Projekt &#8222;<strong>\u0160to zelenije, to bolje<\/strong>&#8220; (Cetinje) \u2013 <strong>3.190 \u20ac<\/strong><br \/>\n<em>Cilj: Promocija zelenih inicijativa i odr\u017eivih praksi u lokalnoj zajednici.<\/em><\/li>\n<\/ol>\n<p><strong>Ukupna odobrena sredstva za ovih pet projekata iznose 22.725 \u20ac.<\/strong><\/p>\n<p>Ovi projekti realizova\u0107e aktivnosti usmjerene na&nbsp;<strong>ja\u010danje gra\u0111anskog u\u010de\u0161\u0107a<\/strong>&nbsp;i pokretanje&nbsp;<strong>zajedni\u010dkih inicijativa<\/strong>. Njihov zajedni\u010dki cilj je promovisanje&nbsp;<strong>inkluzivnog upravljanja<\/strong>&nbsp;te doprinos&nbsp;<strong>ekonomskom i dru\u0161tvenom razvoju<\/strong>&nbsp;svojih lokalnih zajednica \u0161irom Crne Gore.<\/p>\n<p>&nbsp;<\/p>\n","protected":false},"excerpt":{"rendered":"<p>Obnovljeni poziv za grant \u0161emu \u201eZajednica u akciji\u201c privukao je veliko interesovanje, sa ukupno&nbsp;44 prijavljena projekta, od kojih je&nbsp;11 podnijelo neformalne grupe gra\u0111ana. Komisija za procjenu projekata i dodjelu finansijske &hellip; <a class=\"readmore\" href=\"https:\/\/nadahercegnovi.me\/?p=2287\">Continue Reading \u2192<\/a><\/p>\n","protected":false},"author":2,"featured_media":0,"comment_status":"closed","ping_status":"closed","sticky":false,"template":"","format":"standard","meta":{"ngg_post_thumbnail":0},"categories":[15],"tags":[],"_links":{"self":[{"href":"https:\/\/nadahercegnovi.me\/index.php?rest_route=\/wp\/v2\/posts\/2287"}],"collection":[{"href":"https:\/\/nadahercegnovi.me\/index.php?rest_route=\/wp\/v2\/posts"}],"about":[{"href":"https:\/\/nadahercegnovi.me\/index.php?rest_route=\/wp\/v2\/types\/post"}],"author":[{"embeddable":true,"href":"https:\/\/nadahercegnovi.me\/index.php?rest_route=\/wp\/v2\/users\/2"}],"replies":[{"embeddable":true,"href":"https:\/\/nadahercegnovi.me\/index.php?rest_route=%2Fwp%2Fv2%2Fcomments&post=2287"}],"version-history":[{"count":1,"href":"https:\/\/nadahercegnovi.me\/index.php?rest_route=\/wp\/v2\/posts\/2287\/revisions"}],"predecessor-version":[{"id":2288,"href":"https:\/\/nadahercegnovi.me\/index.php?rest_route=\/wp\/v2\/posts\/2287\/revisions\/2288"}],"wp:attachment":[{"href":"https:\/\/nadahercegnovi.me\/index.php?rest_route=%2Fwp%2Fv2%2Fmedia&parent=2287"}],"wp:term":[{"taxonomy":"category","embeddable":true,"href":"https:\/\/nadahercegnovi.me\/index.php?rest_route=%2Fwp%2Fv2%2Fcategories&post=2287"},{"taxonomy":"post_tag","embeddable":true,"href":"https:\/\/nadahercegnovi.me\/index.php?rest_route=%2Fwp%2Fv2%2Ftags&post=2287"}],"curies":[{"name":"wp","href":"https:\/\/api.w.org\/{rel}","templated":true}]}}