{"id":2290,"date":"2025-07-18T18:07:46","date_gmt":"2025-07-18T18:07:46","guid":{"rendered":"https:\/\/nadahercegnovi.me\/?p=2290"},"modified":"2025-07-18T18:07:46","modified_gmt":"2025-07-18T18:07:46","slug":"ministarstvo-ljudskih-i-manjinskih-prava-rezultati-konkursa-dosljedno-protiv-diskriminacije","status":"publish","type":"post","link":"https:\/\/nadahercegnovi.me\/?p=2290","title":{"rendered":"Ministarstvo ljudskih i manjinskih prava: Rezultati konkursa &#8222;Dosljedno protiv diskriminacije"},"content":{"rendered":"<div class=\"xdj266r x14z9mp xat24cr x1lziwak x1vvkbs x126k92a\">\n<div dir=\"auto\">Ministarstvo ljudskih i manjinskih prava objavilo je rezultate javnog konkursa &#8222;Dosljedno protiv diskriminacije&#8220; za finansiranje projekata u oblasti za\u0161tite osoba sa invaliditetom. Komisija je razmatrala i ocenjivala prijavljene projekte 71 NVO, a odobreno je finansiranje 26 projekata.<\/div>\n<div dir=\"auto\">&nbsp;<\/div>\n<\/div>\n<div class=\"x14z9mp xat24cr x1lziwak x1vvkbs xtlvy1s x126k92a\">\n<div dir=\"auto\">Podr\u017eani projekti i nosioci:<\/div>\n<div dir=\"auto\">&nbsp;<\/div>\n<\/div>\n<div class=\"x14z9mp xat24cr x1lziwak x1vvkbs xtlvy1s x126k92a\">\n<div dir=\"auto\">1. Savez slijepih Crne Gore (Podgorica)<\/div>\n<div dir=\"auto\">Projekat: &#8222;Prepoznato pravo = stvarna jednakost&#8220;<\/div>\n<div dir=\"auto\">2. Na\u0161a inicijativa (Podgorica)<\/div>\n<div dir=\"auto\">Projekat: &#8222;Partnerstvom protiv diskriminacije&#8220;<\/div>\n<div dir=\"auto\">3. Pu\u017eeva ku\u0107ica (Budva)<\/div>\n<div dir=\"auto\">Projekat: &#8222;Ne mo\u017eemo biti isti, ali trebamo svi biti jednaki&#8220;<\/div>\n<div dir=\"auto\">4. Udru\u017eenje roditelja djece sa te\u0161ko\u0107ama u razvoju (Podgorica)<\/div>\n<div dir=\"auto\">Projekat: &#8222;Novi projekat, nova \u0161ansa za smanjenje diskriminacije i nejednakosti&#8220;<\/div>\n<div dir=\"auto\">5. Organizacija slijepih za Bar i Ulcinj (Bar)<\/div>\n<div dir=\"auto\">Projekat: &#8222;Po\u0161tovanje prava lica sa invaliditetom bez diskriminacije&#8220;<\/div>\n<div dir=\"auto\">6. Udru\u017eenje paraplegi\u010dara (Podgorica)<\/div>\n<div dir=\"auto\">Projekat: &#8222;Ravnopravnost OSI u politi\u010dkom javnom \u017eivotu \u2013 Glas koji se \u010duje&#8220;<\/div>\n<div dir=\"auto\">7. Ekvivalent (Podgorica)<\/div>\n<div dir=\"auto\">Projekat: &#8222;MI + VI = Dru\u0161tvo bez barijera&#8220;<\/div>\n<div dir=\"auto\">8. Rastimo zajedno (Danilovgrad)<\/div>\n<div dir=\"auto\">Projekat: &#8222;Diskriminacija nije izbor \u2013 jednakost jeste!&#8220;<\/div>\n<div dir=\"auto\">9. Znam put (Podgorica)<\/div>\n<div dir=\"auto\">Projekat: &#8222;Snaga izraza, snaga prisustva&#8220;<\/div>\n<div dir=\"auto\">10. IDENTITET (Podgorica)<\/div>\n<div dir=\"auto\">Projekat: &#8222;Glas nediskriminacije&#8220;<\/div>\n<div dir=\"auto\">11. Glasnici nade (Berane)<\/div>\n<div dir=\"auto\">Projekat: &#8222;Ja\u010danje sistema za\u0161tite od diskriminacije \u2013 Put ka jednakim mogu\u0107nostima&#8220;<\/div>\n<div dir=\"auto\">12. Mre\u017ea za evropske politike MASTER (Podgorica)<\/div>\n<div dir=\"auto\">Projekat: &#8222;Bez barijera: Jednake, vidljive, nezaustavljive&#8220;<\/div>\n<div dir=\"auto\">13. Udru\u017eenje roditelja djece i omladine sa te\u0161ko\u0107ama u razvoju \u2013 Razvitak (Cetinje)<\/div>\n<div dir=\"auto\">Projekat: &#8222;Jednake mogu\u0107nosti za sve&#8220;<\/div>\n<div dir=\"auto\">14. Udru\u017eenje paraplegi\u010dara za op\u0161tine Bijelo Polje i Mojkovac (Bijelo Polje)<\/div>\n<div dir=\"auto\">Projekat: &#8222;Podizanje nivoa svijesti o jednakosti i nediskriminaciji osoba sa invaliditetom&#8220;<\/div>\n<div dir=\"auto\">15. Zenit plus Montenegro (Podgorica)<\/div>\n<div dir=\"auto\">Projekat: &#8222;Egalitarna zona za pristup, u\u010de\u0161\u0107e i dostojanstvo&#8220;<\/div>\n<div dir=\"auto\">16. Regionalni centar za umjetnost, kulturu i medije \u2013 ELITA PLUS (Ulcinj)<\/div>\n<div dir=\"auto\">Projekat: &#8222;Vidljivi, ravnopravni, uklju\u010deni&#8220;<\/div>\n<div dir=\"auto\">17. Crnogorski bezbjedonosni forum (Danilovgrad)<\/div>\n<div dir=\"auto\">Projekat: &#8222;OSI u dru\u0161tvu&#8220;<\/div>\n<div dir=\"auto\">18. Rubikon (Berane)<\/div>\n<div dir=\"auto\">Projekat: &#8222;Zajedno protiv nevidljivosti&#8220;<\/div>\n<div dir=\"auto\">19. Potreba \u2013 Need (Bijelo Polje)<\/div>\n<div dir=\"auto\">Projekat: &#8222;Aktivno dru\u0161tvo&#8220;<\/div>\n<div dir=\"auto\">20. Gra\u0111anski aktivizam (Podgorica)<\/div>\n<div dir=\"auto\">Projekat: &#8222;Za ravnopravnije dru\u0161tvo&#8220;<\/div>\n<div dir=\"auto\">21. Zra\u010dak Nade (Pljevlja)<\/div>\n<div dir=\"auto\">Projekat: &#8222;Putevima podr\u0161ke i osna\u017eivanja do zajednice bez diskriminacije&#8220;<\/div>\n<div dir=\"auto\">22. Udru\u017eenje paraplegi\u010dara Cetinje (Cetinje)<\/div>\n<div dir=\"auto\">Projekat: &#8222;Javno zastupanje i kreiranje javnih politika za OSI&#8220;<\/div>\n<div dir=\"auto\">23. Pru\u017eite nam \u0161ansu (Podgorica)<\/div>\n<div dir=\"auto\">Projekat: &#8222;# nePRIHVA\u0106ENI&#8220;<\/div>\n<div dir=\"auto\">24. Novi poredak (Bijelo Polje)<\/div>\n<div dir=\"auto\">Projekat: &#8222;Protiv diskriminacije za ve\u0107a prava lica sa invaliditetom&#8220;<\/div>\n<div dir=\"auto\">25. Djeca Crne Gore (Tuzi)<\/div>\n<div dir=\"auto\">Projekat: &#8222;Vidljive, ravnopravne, osna\u017eene&#8220;<\/div>\n<div dir=\"auto\">26. Udru\u017eenje mladih sa hendikepom Crne Gore (Podgorica)<\/div>\n<div dir=\"auto\">Projekat: &#8222;U harmoniji sa Konvencijom&#8220;<\/div>\n<div dir=\"auto\">&nbsp;<\/div>\n<\/div>\n<div class=\"x14z9mp xat24cr x1lziwak x1vvkbs xtlvy1s x126k92a\">\n<div dir=\"auto\">Ukupan iznos sredstava za projekte koji \u0107e se finansirati je: 579.400,97 \u20ac.<\/div>\n<div dir=\"auto\">&nbsp;<\/div>\n<div dir=\"auto\">Komisija \u0107e ugovore sa NVO zaklju\u010diti u roku od 30 dana od objave odluke (do 17. avgusta 2025).<\/div>\n<div dir=\"auto\">&nbsp;<\/div>\n<\/div>\n<div class=\"x14z9mp xat24cr x1lziwak x1vvkbs xtlvy1s x126k92a\">\n<div dir=\"auto\">Odluka je dostupna na internet stranici Ministarstva ljudskih i manjinskih prava: gov.me\/clanak\/odluku-o-raspodjeli-sredstava-za-finansiranje-projekata-programa-nevladinih-organizacija-po-javnom-konkursu-dosljedno-protiv-diskriminacije-za-finansiranje-projekata-programa-nevladinih-org<\/div>\n<\/div>\n","protected":false},"excerpt":{"rendered":"<p>Ministarstvo ljudskih i manjinskih prava objavilo je rezultate javnog konkursa &#8222;Dosljedno protiv diskriminacije&#8220; za finansiranje projekata u oblasti za\u0161tite osoba sa invaliditetom. Komisija je razmatrala i ocenjivala prijavljene projekte 71 &hellip; <a class=\"readmore\" href=\"https:\/\/nadahercegnovi.me\/?p=2290\">Continue Reading \u2192<\/a><\/p>\n","protected":false},"author":2,"featured_media":0,"comment_status":"closed","ping_status":"closed","sticky":false,"template":"","format":"standard","meta":{"ngg_post_thumbnail":0},"categories":[15],"tags":[],"_links":{"self":[{"href":"https:\/\/nadahercegnovi.me\/index.php?rest_route=\/wp\/v2\/posts\/2290"}],"collection":[{"href":"https:\/\/nadahercegnovi.me\/index.php?rest_route=\/wp\/v2\/posts"}],"about":[{"href":"https:\/\/nadahercegnovi.me\/index.php?rest_route=\/wp\/v2\/types\/post"}],"author":[{"embeddable":true,"href":"https:\/\/nadahercegnovi.me\/index.php?rest_route=\/wp\/v2\/users\/2"}],"replies":[{"embeddable":true,"href":"https:\/\/nadahercegnovi.me\/index.php?rest_route=%2Fwp%2Fv2%2Fcomments&post=2290"}],"version-history":[{"count":1,"href":"https:\/\/nadahercegnovi.me\/index.php?rest_route=\/wp\/v2\/posts\/2290\/revisions"}],"predecessor-version":[{"id":2291,"href":"https:\/\/nadahercegnovi.me\/index.php?rest_route=\/wp\/v2\/posts\/2290\/revisions\/2291"}],"wp:attachment":[{"href":"https:\/\/nadahercegnovi.me\/index.php?rest_route=%2Fwp%2Fv2%2Fmedia&parent=2290"}],"wp:term":[{"taxonomy":"category","embeddable":true,"href":"https:\/\/nadahercegnovi.me\/index.php?rest_route=%2Fwp%2Fv2%2Fcategories&post=2290"},{"taxonomy":"post_tag","embeddable":true,"href":"https:\/\/nadahercegnovi.me\/index.php?rest_route=%2Fwp%2Fv2%2Ftags&post=2290"}],"curies":[{"name":"wp","href":"https:\/\/api.w.org\/{rel}","templated":true}]}}