{"id":938,"date":"2019-01-31T11:43:47","date_gmt":"2019-01-31T11:43:47","guid":{"rendered":"http:\/\/nadahercegnovi.me\/?p=938"},"modified":"2019-01-31T13:12:44","modified_gmt":"2019-01-31T13:12:44","slug":"institut-alternativa-podrska-organizacijama-za-kontrolu-javne-potrosnje","status":"publish","type":"post","link":"https:\/\/nadahercegnovi.me\/?p=938","title":{"rendered":"Institut alternativa: Podr\u0161ka organizacijama za kontrolu javne potro\u0161nje"},"content":{"rendered":"<p>U okviru projekta \u201cMoney Watch \u2013 Civilno dru\u0161tvo, \u010duvar bud\u017eeta\u201c, koji sprovodi Institut alternativa (IA), podr\u017eano je devet organizacija civilnog dru\u0161tva iz \u0161est op\u0161tina, a implementacija njihovih projekata, kako je saop\u0161teno, doprinije\u0107e smanjenju korupcije na lokalnom i nacionalnom nivou, kroz djelotvorniji nadzor javne potro\u0161nje.<br \/>\nTo je, na pres konferenciji \u201ePodr\u0161ka projektima organizacija civilnog dru\u0161tva u okviru projekta \u201eMoney Watch \u2013 Civilno dru\u0161tvo, \u010duvar bud\u017eeta\u201c, saop\u0161tio predsjednik Upravnog odbora IA, Stevo Muk, ocjenjuju\u0107i da upravljanje bud\u017eetom i javnim finansijama ne smije biti isklju\u010diva nadle\u017enost uskog kruga stru\u010dnih organizacija i institucija.<br \/>\n\u201ePra\u0107enje pripreme, usvajanja i upravljanja bud\u017eetom mora postati sastavni dio rada svih organizacija koje se zala\u017eu za promjene u javnim politikama ili \u017eele da prate njihovo sprovo\u0111enje, kako bi ih kriti\u010dki ocijenile i predlo\u017eile preporuke za promjenu\u201c, poru\u010dio je Muk.<br \/>\nOn je pojasnio da, ukupna vrijednost projekata, uklju\u010duju\u0107i i kofinansiranje koje \u0107e obezbijediti nosioci projekata, iznosi 94.374 eura.<br \/>\n\u201eIndividualna vrijednost projekata kre\u0107e se od 9.000 do 11.000 eura. Organizacije civilnog dru\u0161tva koje smo podr\u017eali, sprovodi\u0107e projekte u trajanju do \u0161est mjeseci, na teritoriji op\u0161tina \u2013 Podgorica, Bijelo Polje, Berane, Kola\u0161in, Herceg Novi i Ulcinj, u periodu od januara do jula 2019. godine\u201c, naveo je Muk.<br \/>\nIzvr\u0161ni direktor NVO Natura, Milan Mikan Medenica, rekao je da, projekat \u201cZajedni\u010dki novac \u2013 zajedni\u010dka potro\u0161nja\u201c, koji je podr\u017ean u okviru \u201cMoney Watch \u2013 Civilno dru\u0161tvo, \u010duvar bud\u017eeta\u201c, ima za cilj pove\u0107anje nivoa participacije gra\u0111ana u proces kreiranja bud\u017eeta na lokalnom nivou.<br \/>\n\u201e\u017delimo da podstaknemo gra\u0111ane da uzmu vi\u0161e u\u010de\u0161\u0107a u pra\u0107enju lokalne javne potro\u0161nje. Neke od planiranih aktivnosti su treninzi za nevladine organizacije i gra\u0111ane, za predstavnike lokalne samouprave, kao i promotivne aktivnosti\u201c, kazao je Medenica.<br \/>\nIzvr\u0161ni direktor Bjelopoljskog demokratskog centra, Zdravko Janju\u0161evi\u0107, poru\u010dio je da \u0107e se realizacijom projekta \u201eTrasparentnije koncesije na eksploataciju \u0161ljunka i \u0161ume\u201c, preispitati visina koncesionih naknada, kao i potro\u0161nja tih dobijenih sredstava.<br \/>\n\u201eRealizacijom projekta \u017eelimo da postignemo ve\u0107i nivo transparentnosti u oblasti koncesija na eksploataciju \u0161ljunka i pijeska iz Lima, kao i eksploataciju \u0161uma na teritoriji Berana i Bijelog Polja\u201c, naveo je Janju\u0161evi\u0107.<br \/>\nPredsjednica NVO Nada, Marina Vuksanovi\u0107, saop\u0161tila je da projekat \u201eNa\u0161 novac- Va\u0161a ili na\u0161a odgovornost\u201c ima za cilj da doprinese ve\u0107oj transparentnosti izvr\u0161enja bud\u017eeta Op\u0161tine Herceg Novi i efikasnijoj javnoj potro\u0161nji.<br \/>\n\u201eRealizacijom projekta pove\u0107a\u0107e se stepen razumijevanja gra\u0111ana i gra\u0111anski bud\u017eetskog ciklusa i stvori\u0107e se preduslovi za transparentnost i otvorenost lokalne samouprave za participativno bud\u017eetiranje i i gra\u0111ansko nadgledanje potro\u0161nje javnog novca, kao i ve\u0107u realizaciju kapitalnog bud\u017eeta\u201c, ocijenila je Vuksanovi\u0107.<br \/>\nIzvr\u0161ni direktor Regionalne Razvojne Agencije \u2013 Ulcinj Biznis Asocijacija, Elvir Ze\u010devi\u0107, kazao je da \u0107e ta NVO, implementacijom projekta \u201eCivilno dru\u0161tvo prati javnu potro\u0161nju\u201c oja\u010dati kapacitete oko 20 organizacija civilnog dru\u0161tva sa sjedi\u0161tem u Ulcinju u cilju adekvatnog uklju\u010divanja u procese pra\u0107enja potro\u0161nje javnih sredstava.<br \/>\n\u201eProjektom \u0107e se oja\u010dati predstavnici organizacija civilnog dru\u0161tva sa znanjem iz oblasti planiranja i pra\u0107enja kori\u0161\u0107enja javnih sredstava, razmijeni\u0107e iskustva sa organizacijama koje djeluju na nacionalnom nivou, a tako\u0111e \u0107e biti upoznati sa iskustvima iz Hrvatske, koja je ve\u0107 \u010dlanica Evropske unije\u201c, istakao je Ze\u010devi\u0107.<br \/>\nPredsjednica Centra za istra\u017eiva\u010dko novinarstvo Crne Gore, Milka Tadi\u0107 Mijovi\u0107, \u010diji je projekat \u201eKako se tro\u0161i na\u0161 bud\u017eet- (Ne) Javna potro\u0161nja u Crnoj Gori\u201c tako\u0111e podr\u017ean ukazala je da se dr\u017eavni dug za deset godina uve\u0107ao za vi\u0161e od dvije milijarde eura.<br \/>\n\u201cCrna Gora je do sada dobrim dijelom iz javnog duga finansirala javnu potro\u0161nju, \u0161to predstavlja ozbiljan problem. Dio javnog duga je upotrijebljen i za finansiranje kapitalnog bud\u017eeta\u201c, pojasnila je Tadi\u0107 Mijovi\u0107.<br \/>\nOna je poru\u010dila da \u0107e se, realizacijom projekta, pove\u0107ati nadzor i transparentnost javne potro\u0161nje na nacionalnom nivou, kroz, kako je pojasnila, stru\u010dnu analizu, istra\u017eiva\u010dke tekstove i redovno informisanje javnosti o potro\u0161nji, strukturi javnog duga i projekata finansiranih iz kapitalnog bud\u017eeta.<br \/>\nGeneralna sekretarka Dru\u0161tva profesionalnih novinara Crne Gore, Mila Radulovi\u0107, ocijenila je da je znanje novinara o procesu dono\u0161enja bud\u017eeta oskudno, zbog \u010dega se, kako je ocijenila, povr\u0161no izvje\u0161tava o toj temi, a to Dru\u0161tvo \u0107e u okviru projekta edukovati novinare, kao i gra\u0111ane da prate i \u010ditaju bud\u017eet.<br \/>\n\u201ePartneri smo, na ovom projektu, sa Sindikatom doktora medicine Crne Gore, koji su ve\u0107 otvorili pri\u010du o javnim finansijama, posebno o problemu korupcije. Poznato je koliko je zdravstvo bitno i koliko se bud\u017eet zdravstva godinama pove\u0107ava, a da ni na koji na\u010din ne znamo kako se taj bud\u017eet tro\u0161i\u201c, saop\u0161tila je Radulovi\u0107.<br \/>\nIzvr\u0161na direktorica Udru\u017eenja mladih sa hendikepom Crne Gore, Aleksandra Pavi\u0107evi\u0107, kazala je da \u0107e projekat \u201eNa\u0161 je bud\u017eet na\u0161a stvar!\u201c biti usmjeren na kontrolu utro\u0161ka sredstava Fonda za profesionalnu rehabilitaciju i zapo\u0161ljavanje lica sa invaliditetom (OSI), kao i primjenu Zakona o profesionalnoj refabilitaciji i zapo\u0161ljavanju OSI.<br \/>\n\u201eUMHCG namjerava sprovesti prvo opse\u017eno istra\u017eivanje i analizu finansijskog okvira Zakona i istra\u017eivanje o posebnim doprinosima za zapo\u0161ljavanje OSI. Ttako\u0111e, realizova\u0107emo kampanju javnog zastupanja, kao i medijsku kampanju, u cilju pokretanja javne diskusijje i omogu\u0107avanja kontrole posebnih doprinosa za zapo\u0161ljavanje OSI\u201c, rekla je Pavi\u0107evi\u0107.<br \/>\nIzvr\u0161ni direktor Instituta za pravne studije IPLS, Ilija Vuk\u010devi\u0107, naveo je da projektom \u201eIgre na sre\u0107u- kako do efikasnijeg i transparentnijeg sistema\u201c Institut \u017eeli da unaprijedi sistem javnih finansija u Crnoj Gori, kao unapre\u0111enje sistema prikupljanja i tro\u0161enja sistema u toj oblasti.<br \/>\n\u201eUradi\u0107emo analizu pravnog sistema i komparativnog sistema igara na sre\u0107u, uspostavi\u0107emo niz direktnih kontakata i sastanaka sa svim akterima u ovoj oblasti. Na kraju, sve \u0107e biti formulisano u okviru jedne analize, koja \u0107e biti prezentovana u maju\u201c, pojasnio je Vuk\u010devi\u0107.<br \/>\nIzvr\u0161ni direktor Romske organizacije mladih \u201cKora\u010dajte sa nama \u2013 Phiren amenca\u201d, Elvis Beri\u0161a, rekao je da se romska inkluzija ne mo\u017ee dogoditi ukoliko se u proces obezbje\u0111ivanja bud\u017eeta predvi\u0111enog za tu populaciju, kako smatra, ne uklju\u010de sami pripadnici populacije.<br \/>\n\u201eKroz projekat \u201eTransparentna javna potro\u0161nja za politike koje se izdvajaju za romsku inkluziju\u201c kreira\u0107emo i sa\u010diniti analizu koja se ti\u010de potro\u0161nje javnog bud\u017eeta za romsku inkluziju za 2017. godinu, nakon \u010dega \u0107emo predstaviti rezultate i predlagati odre\u0111ene mjere za izmjene\u201c, kazao je Beri\u0161a.<br \/>\n\u201cMoney Watch \u2013 Civilno dru\u0161tvo, \u010duvar bud\u017eeta\u201c je projekat koji sprovodi IA, u partnerstvu sa Institutom za javne finansije iz Zagreba i NVO Novi horizont iz Ulcinja, a u saradnji sa Ministarstvom finansija i Ministarstvom javne uprave.<br \/>\nProjekat se sprovodi uz finansijsku pord\u0161ku Evropske unije kroz Instrument za civilno dru\u0161tvo u okviru IPA 2016 i uz kofinansiranje Ministarstva javne uprave.<\/p>\n<p><img decoding=\"async\" loading=\"lazy\" class=\"alignnone size-medium wp-image-939\" src=\"http:\/\/nadahercegnovi.me\/wp-content\/uploads\/2019\/01\/slika-potpisivanje-ugovora-1-300x171.jpg\" alt=\"\" width=\"300\" height=\"171\" srcset=\"https:\/\/nadahercegnovi.me\/wp-content\/uploads\/2019\/01\/slika-potpisivanje-ugovora-1-300x171.jpg 300w, https:\/\/nadahercegnovi.me\/wp-content\/uploads\/2019\/01\/slika-potpisivanje-ugovora-1-768x438.jpg 768w, https:\/\/nadahercegnovi.me\/wp-content\/uploads\/2019\/01\/slika-potpisivanje-ugovora-1-1024x584.jpg 1024w, https:\/\/nadahercegnovi.me\/wp-content\/uploads\/2019\/01\/slika-potpisivanje-ugovora-1-210x120.jpg 210w, https:\/\/nadahercegnovi.me\/wp-content\/uploads\/2019\/01\/slika-potpisivanje-ugovora-1.jpg 1140w\" sizes=\"(max-width: 300px) 100vw, 300px\" \/>&nbsp;<img decoding=\"async\" loading=\"lazy\" class=\"alignnone wp-image-940\" src=\"http:\/\/nadahercegnovi.me\/wp-content\/uploads\/2019\/01\/Moj-novac-logo-2018-1700-300x133.jpg\" alt=\"\" width=\"262\" height=\"116\" srcset=\"https:\/\/nadahercegnovi.me\/wp-content\/uploads\/2019\/01\/Moj-novac-logo-2018-1700-300x133.jpg 300w, https:\/\/nadahercegnovi.me\/wp-content\/uploads\/2019\/01\/Moj-novac-logo-2018-1700-768x341.jpg 768w, https:\/\/nadahercegnovi.me\/wp-content\/uploads\/2019\/01\/Moj-novac-logo-2018-1700-1024x454.jpg 1024w, https:\/\/nadahercegnovi.me\/wp-content\/uploads\/2019\/01\/Moj-novac-logo-2018-1700-210x93.jpg 210w, https:\/\/nadahercegnovi.me\/wp-content\/uploads\/2019\/01\/Moj-novac-logo-2018-1700.jpg 1700w\" sizes=\"(max-width: 262px) 100vw, 262px\" \/>&nbsp;<img decoding=\"async\" loading=\"lazy\" class=\"alignnone size-full wp-image-941\" src=\"http:\/\/nadahercegnovi.me\/wp-content\/uploads\/2019\/01\/institut-alternativa-vektorski-logo-1-250.jpg\" alt=\"\" width=\"250\" height=\"27\" srcset=\"https:\/\/nadahercegnovi.me\/wp-content\/uploads\/2019\/01\/institut-alternativa-vektorski-logo-1-250.jpg 250w, https:\/\/nadahercegnovi.me\/wp-content\/uploads\/2019\/01\/institut-alternativa-vektorski-logo-1-250-210x23.jpg 210w\" sizes=\"(max-width: 250px) 100vw, 250px\" \/><\/p>\n<p>&nbsp;<\/p>\n","protected":false},"excerpt":{"rendered":"<p>U okviru projekta \u201cMoney Watch \u2013 Civilno dru\u0161tvo, \u010duvar bud\u017eeta\u201c, koji sprovodi Institut alternativa (IA), podr\u017eano je devet organizacija civilnog dru\u0161tva iz \u0161est op\u0161tina, a implementacija njihovih projekata, kako je &hellip; <a class=\"readmore\" href=\"https:\/\/nadahercegnovi.me\/?p=938\">Continue Reading \u2192<\/a><\/p>\n","protected":false},"author":2,"featured_media":939,"comment_status":"closed","ping_status":"closed","sticky":false,"template":"","format":"standard","meta":{"ngg_post_thumbnail":0},"categories":[1],"tags":[],"_links":{"self":[{"href":"https:\/\/nadahercegnovi.me\/index.php?rest_route=\/wp\/v2\/posts\/938"}],"collection":[{"href":"https:\/\/nadahercegnovi.me\/index.php?rest_route=\/wp\/v2\/posts"}],"about":[{"href":"https:\/\/nadahercegnovi.me\/index.php?rest_route=\/wp\/v2\/types\/post"}],"author":[{"embeddable":true,"href":"https:\/\/nadahercegnovi.me\/index.php?rest_route=\/wp\/v2\/users\/2"}],"replies":[{"embeddable":true,"href":"https:\/\/nadahercegnovi.me\/index.php?rest_route=%2Fwp%2Fv2%2Fcomments&post=938"}],"version-history":[{"count":1,"href":"https:\/\/nadahercegnovi.me\/index.php?rest_route=\/wp\/v2\/posts\/938\/revisions"}],"predecessor-version":[{"id":943,"href":"https:\/\/nadahercegnovi.me\/index.php?rest_route=\/wp\/v2\/posts\/938\/revisions\/943"}],"wp:featuredmedia":[{"embeddable":true,"href":"https:\/\/nadahercegnovi.me\/index.php?rest_route=\/wp\/v2\/media\/939"}],"wp:attachment":[{"href":"https:\/\/nadahercegnovi.me\/index.php?rest_route=%2Fwp%2Fv2%2Fmedia&parent=938"}],"wp:term":[{"taxonomy":"category","embeddable":true,"href":"https:\/\/nadahercegnovi.me\/index.php?rest_route=%2Fwp%2Fv2%2Fcategories&post=938"},{"taxonomy":"post_tag","embeddable":true,"href":"https:\/\/nadahercegnovi.me\/index.php?rest_route=%2Fwp%2Fv2%2Ftags&post=938"}],"curies":[{"name":"wp","href":"https:\/\/api.w.org\/{rel}","templated":true}]}}